{"id":3932,"date":"2014-08-06T19:36:27","date_gmt":"2014-08-06T17:36:27","guid":{"rendered":"http:\/\/www.dasunukat.de\/miniblog\/?p=3932"},"modified":"2016-01-27T21:30:29","modified_gmt":"2016-01-27T20:30:29","slug":"ich-muss-hier-weg-einfach-weg-und-dahin-gardasee-1","status":"publish","type":"post","link":"http:\/\/www.dasunukat.de\/miniblog\/2014\/08\/ich-muss-hier-weg-einfach-weg-und-dahin-gardasee-1\/","title":{"rendered":"Ich muss hier weg! &#8211; Einfach weg und (da)hin &#8211; garDAsee ! 1"},"content":{"rendered":"<h2>Ich muss hier weg! &#8211; Einfach weg und (da)hin &#8211; GarDAsee !1<\/h2>\n<h3>Freiheit &#8211; laut unserem Wikipeter:<\/h3>\n<p><em>Freiheit<\/em> &#8211; wird in der Regel verstanden als die <em><a title=\"M\u00f6glichkeit\" href=\"https:\/\/de.wikipedia.org\/wiki\/M%C3%B6glichkeit\">M\u00f6glichkeit<\/a><\/em>, ohne Zwang zwischen unterschiedlichen M\u00f6glichkeiten <em>ausw\u00e4hlen<\/em> und <em><a title=\"Entscheidung\" href=\"https:\/\/de.wikipedia.org\/wiki\/Entscheidung\">entscheiden<\/a><\/em> zu k\u00f6nnen. Der Begriff benennt in Philosophie und Recht der Moderne allgemein einen <em>Zustand<\/em> der <em><a title=\"Autonomie\" href=\"https:\/\/de.wikipedia.org\/wiki\/Autonomie\">Autonomie<\/a><\/em> eines <em><a title=\"Subjekt (Philosophie)\" href=\"https:\/\/de.wikipedia.org\/wiki\/Subjekt_%28Philosophie%29\">Subjekts<\/a><\/em>.<\/p>\n<p><!--more--><\/p>\n<p>Jetzt w\u00e4re es hilfreich zu wissen, was Subjekt und Autonomie ist, aber damit werd ich euch jetzt nicht belabern!<\/p>\n<h3>Hatte ich schon erw\u00e4hnt, dass ich weg muss ?<\/h3>\n<p><a href=\"http:\/\/www.dasunukat.de\/miniblog\/2014\/08\/imm2014-einmal-england-und-vorallem-zurueck-glueck-5\/\" target=\"_blank\">Frisch aus England zur\u00fcck<\/a>, Tolles erlebt und einiges an Erfahrung gesammelt f\u00fchlte ich mich immernoch leer. Mir fehlt etwas. Und was macht jemand,<\/p>\n<p><em><strong>der Beteiligter &#8211; nicht Betroffener sein<\/strong><\/em><\/p>\n<p>m\u00f6chte?! Er sucht was ihm fehlt! Und wenn man es nicht dort findet wo man steht, dann sucht man es lieber woanders! F\u00fcr\u00a0 mich war es an der Zeit zu entscheiden, bin ich Objekt oder Subjekt?!<\/p>\n<div id=\"attachment_3934\" style=\"width: 310px\" class=\"wp-caption aligncenter\"><a href=\"http:\/\/www.dasunukat.de\/miniblog\/wp-content\/uploads\/gardasee-anreise055.jpg\"><img loading=\"lazy\" decoding=\"async\" aria-describedby=\"caption-attachment-3934\" class=\"size-medium wp-image-3934\" src=\"http:\/\/www.dasunukat.de\/miniblog\/wp-content\/uploads\/gardasee-anreise055-300x200.jpg\" alt=\"Auf dem Weg zum Gardasee\" width=\"300\" height=\"200\" srcset=\"http:\/\/www.dasunukat.de\/miniblog\/wp-content\/uploads\/gardasee-anreise055-300x200.jpg 300w, http:\/\/www.dasunukat.de\/miniblog\/wp-content\/uploads\/gardasee-anreise055-768x512.jpg 768w, http:\/\/www.dasunukat.de\/miniblog\/wp-content\/uploads\/gardasee-anreise055-845x563.jpg 845w, http:\/\/www.dasunukat.de\/miniblog\/wp-content\/uploads\/gardasee-anreise055-600x400.jpg 600w, http:\/\/www.dasunukat.de\/miniblog\/wp-content\/uploads\/gardasee-anreise055-450x300.jpg 450w, http:\/\/www.dasunukat.de\/miniblog\/wp-content\/uploads\/gardasee-anreise055.jpg 1260w\" sizes=\"auto, (max-width: 300px) 100vw, 300px\" \/><\/a><p id=\"caption-attachment-3934\" class=\"wp-caption-text\">Auf dem Weg zum Gardasee<\/p><\/div>\n<p>Ihr seit noch nicht eingeschlafen ? &#8211; Gut, dann kann ich ja weitermachen. .. Letztendlich soll das hier ja auch ein Reisebericht werden.<\/p>\n<p>Den Copiloten zu Hause abgesetzt fuhr ich mit Lijan erstmal heim. Ein Parkplatz war erstaunlicherweise recht fix gefunden und ich packte erstmal alles aus was ich so f\u00fcr die Tour dabei hatte. Ich schmiss die Waschmaschiene an und setzte mich an den PC,<\/p>\n<p>Erstmal alle IMM2014 Bilder \u00fcbertragen. W\u00e4hrenddessen st\u00f6berte ich auf Google Maps, und gestaltete mir eine Route die ich unbedingt noch in diesem Urlaub machen muss&#8230;<\/p>\n<p>Schlie\u00dflich bin ich auf der Suche und erhoffte mir auf dieser Route das zu finden, was mir fehlt!<\/p>\n<p>Es verging etwas Zeit bis die Bilder \u00fcbertragen waren und die Route stand:<\/p>\n<div id=\"attachment_3935\" style=\"width: 424px\" class=\"wp-caption aligncenter\"><a href=\"http:\/\/www.dasunukat.de\/miniblog\/wp-content\/uploads\/routemuc-gardasee.jpg\"><img loading=\"lazy\" decoding=\"async\" aria-describedby=\"caption-attachment-3935\" class=\"size-large wp-image-3935\" src=\"http:\/\/www.dasunukat.de\/miniblog\/wp-content\/uploads\/routemuc-gardasee-414x700.jpg\" alt=\"Route M\u00fcnchen - Gardasee und zur\u00fcck\" width=\"414\" height=\"700\" srcset=\"http:\/\/www.dasunukat.de\/miniblog\/wp-content\/uploads\/routemuc-gardasee-414x700.jpg 414w, http:\/\/www.dasunukat.de\/miniblog\/wp-content\/uploads\/routemuc-gardasee-178x300.jpg 178w, http:\/\/www.dasunukat.de\/miniblog\/wp-content\/uploads\/routemuc-gardasee-237x400.jpg 237w, http:\/\/www.dasunukat.de\/miniblog\/wp-content\/uploads\/routemuc-gardasee.jpg 508w\" sizes=\"auto, (max-width: 414px) 100vw, 414px\" \/><\/a><p id=\"caption-attachment-3935\" class=\"wp-caption-text\">Route M\u00fcnchen &#8211; Gardasee und zur\u00fcck<\/p><\/div>\n<p>Rund 800 km Fahrstrecke war das Ergebnis.. Ohje. &#8211; Eigentlich wollte ich das an einem Tag machen, aber das schien mir nach der England Tour, und vor allem allein, als unmachbar. Daher buchte ich fix f\u00fcr eine Nacht ein g\u00fcnstiges Zimmer am Gardasee. Sozusagen der Mittelpunkt der Route.<\/p>\n<p>An dieser Stelle entdeckte ich eine Spontanit\u00e4t in mir, die ich so eigentlich nicht von mir kenne. Ich bin doch eher der vorrausschauende, organisierte und durchdachte Mensch. Was solls&#8230;<\/p>\n<h4>Jetzt ist gebucht!<\/h4>\n<p>So packte ich wieder meine Sachen, importierte die geplante Route ins Navi ( Resi ) , ging zu Lijan und fuhr los! Auf dem Weg Rrichtung Innsbruck \u00fcberkam mich des\u00f6fteren ein sehr unsicheres Gef\u00fchl. Teils schossen mir Gedanken in den Kopf einfach nur umzudrehen und das Ganze zu lassen. Kurz vor der Bayrischen-\u00d6sterreichischen Grenze zwang mich Lijan zum Tanken. Dies Tat ich auch und nachdem ich bezahlt hatte musste eine Entscheidung her!<\/p>\n<h4>Bin ich <em>Objekt<\/em> oder <em>Subjekt<\/em> ? ! Biege ich links ( zur\u00fcck ) oder rechts ( weiter ) ab ?<\/h4>\n<div id=\"attachment_3936\" style=\"width: 855px\" class=\"wp-caption aligncenter\"><a href=\"http:\/\/www.dasunukat.de\/miniblog\/wp-content\/uploads\/gardasee-rueckreise036.jpg\"><img loading=\"lazy\" decoding=\"async\" aria-describedby=\"caption-attachment-3936\" class=\"size-large wp-image-3936\" src=\"http:\/\/www.dasunukat.de\/miniblog\/wp-content\/uploads\/gardasee-rueckreise036-845x563.jpg\" alt=\"Mit Mini in Innsbruck\" width=\"845\" height=\"563\" srcset=\"http:\/\/www.dasunukat.de\/miniblog\/wp-content\/uploads\/gardasee-rueckreise036-845x563.jpg 845w, http:\/\/www.dasunukat.de\/miniblog\/wp-content\/uploads\/gardasee-rueckreise036-300x200.jpg 300w, http:\/\/www.dasunukat.de\/miniblog\/wp-content\/uploads\/gardasee-rueckreise036-768x512.jpg 768w, http:\/\/www.dasunukat.de\/miniblog\/wp-content\/uploads\/gardasee-rueckreise036-600x400.jpg 600w, http:\/\/www.dasunukat.de\/miniblog\/wp-content\/uploads\/gardasee-rueckreise036-450x300.jpg 450w, http:\/\/www.dasunukat.de\/miniblog\/wp-content\/uploads\/gardasee-rueckreise036.jpg 1260w\" sizes=\"auto, (max-width: 845px) 100vw, 845px\" \/><\/a><p id=\"caption-attachment-3936\" class=\"wp-caption-text\">Mit Mini in Innsbruck<\/p><\/div>\n<p>Fortsetzung folgt &#8211;<\/p>\n<p>&nbsp;<\/p>\n","protected":false},"excerpt":{"rendered":"<p>Und was macht jemand,<\/p>\n<p>der Beteiligter &#8211; nicht Betroffener sein<\/p>\n<p>m\u00f6chte?!<\/p>\n <a class=\"more-link\" href=\"http:\/\/www.dasunukat.de\/miniblog\/2014\/08\/ich-muss-hier-weg-einfach-weg-und-dahin-gardasee-1\/\"><span class=\"more-msg\">Weiterlesen &rarr;<\/span><\/a>","protected":false},"author":1,"featured_media":3934,"comment_status":"open","ping_status":"open","sticky":false,"template":"","format":"standard","meta":{"footnotes":""},"categories":[590,13],"tags":[76,583,580,579,8,10,102,111,582,80,78,46,26,91,581],"class_list":["post-3932","post","type-post","status-publish","format-standard","has-post-thumbnail","hentry","category-reisebericht","category-taegliche-abenteuer","tag-dasunukat","tag-freiheit","tag-gardasee","tag-ich-muss-hier-weg","tag-mini","tag-mini-cooper","tag-mini-mpi","tag-miniblog","tag-objekt","tag-route","tag-routendaten","tag-rover-mini","tag-rover-mini-mpi","tag-rover-mini-xn","tag-subjekt"],"_links":{"self":[{"href":"http:\/\/www.dasunukat.de\/miniblog\/wp-json\/wp\/v2\/posts\/3932","targetHints":{"allow":["GET"]}}],"collection":[{"href":"http:\/\/www.dasunukat.de\/miniblog\/wp-json\/wp\/v2\/posts"}],"about":[{"href":"http:\/\/www.dasunukat.de\/miniblog\/wp-json\/wp\/v2\/types\/post"}],"author":[{"embeddable":true,"href":"http:\/\/www.dasunukat.de\/miniblog\/wp-json\/wp\/v2\/users\/1"}],"replies":[{"embeddable":true,"href":"http:\/\/www.dasunukat.de\/miniblog\/wp-json\/wp\/v2\/comments?post=3932"}],"version-history":[{"count":0,"href":"http:\/\/www.dasunukat.de\/miniblog\/wp-json\/wp\/v2\/posts\/3932\/revisions"}],"wp:featuredmedia":[{"embeddable":true,"href":"http:\/\/www.dasunukat.de\/miniblog\/wp-json\/wp\/v2\/media\/3934"}],"wp:attachment":[{"href":"http:\/\/www.dasunukat.de\/miniblog\/wp-json\/wp\/v2\/media?parent=3932"}],"wp:term":[{"taxonomy":"category","embeddable":true,"href":"http:\/\/www.dasunukat.de\/miniblog\/wp-json\/wp\/v2\/categories?post=3932"},{"taxonomy":"post_tag","embeddable":true,"href":"http:\/\/www.dasunukat.de\/miniblog\/wp-json\/wp\/v2\/tags?post=3932"}],"curies":[{"name":"wp","href":"https:\/\/api.w.org\/{rel}","templated":true}]}}